{"id":1493,"date":"2022-05-04T11:43:29","date_gmt":"2022-05-04T09:43:29","guid":{"rendered":"https:\/\/excellenceinlaw.univr.it\/centro-iustec\/?p=1493"},"modified":"2022-05-04T11:43:29","modified_gmt":"2022-05-04T09:43:29","slug":"3e-journee-detudes-franco-italiennes-droit-souple-et-nouvelles-normativites","status":"publish","type":"post","link":"https:\/\/excellenceinlaw.univr.it\/centro-iustec\/3e-journee-detudes-franco-italiennes-droit-souple-et-nouvelles-normativites\/","title":{"rendered":"3e Journ\u00e9e d\u2019\u00e9tudes franco-italiennes \u00abDroit souple et nouvelle(s) normativit\u00e9(s)\u00bb"},"content":{"rendered":"<p>Universit\u00e0 di Verona, Dipartimento di Scienze Giuridiche<\/p>\n<p>Dipartimento di Eccellenza 2018\/2022, Miur<\/p>\n<p>Universit\u00e9 Sorbonne Paris Nord<\/p>\n<p>UFR, DSPS, Droit, Sciences politiques et sociales<\/p>\n<p>IDES, Universit\u00e9 Paris 13<\/p>\n<p>&nbsp;<\/p>\n<div class=\"nota nota-success\"><span style=\"font-size: 24pt\">3e Journ\u00e9e d\u2019\u00e9tudes franco-italiennes<\/span><br \/>\n<span style=\"font-size: 24pt\">\u00abDroit souple et nouvelle(s) normativit\u00e9(s)\u00bb<\/span><\/div>\n<div><\/div>\n<p><strong>V\u00e9rone, 19 et 20 mai 2022<\/strong><\/p>\n<p>Sala Jacopo d\u2019Ardizzone<br \/>\nVia Carlo Montanari, 9<\/p>\n<p><strong>Jeudi 19 mai 2022<\/strong><\/p>\n<p>09h30 &#8211; Accueil des participants<\/p>\n<p>10h00 &#8211; Introduction de la journ\u00e9e : Stefano TROIANO, Directeur du D\u00e9partement de Sciences Juridiques de l\u2019Universit\u00e9 de V\u00e9rone<\/p>\n<p style=\"text-align: center\">***<br \/>\n<strong>Profils th\u00e9oriques g\u00e9n\u00e9raux<\/strong><\/p>\n<p>Pr\u00e9sidence :\u00a0<strong>Giovanni GUIGLIA<\/strong>, Professeur de Droit public \u00e0 l\u2019Universit\u00e9 de V\u00e9rone<\/p>\n<p><strong>10h30\u00a0<\/strong>&#8211;\u00a0<strong>C\u00e9line BLOUD-REY<\/strong>, \u00abLe droit souple : nouvelle norme ou moralit\u00e9?\u00bb<br \/>\n<strong>10h50 &#8211; Carlo LOTTIERI,<\/strong>\u00a0\u00abQuale distanza tra \u201chard law\u201d e \u201csoft law\u201d ? Considerazioni intorno alla teoria di Bruno Leoni sul \u201cdiritto come pretesa\u201d\u00bb<br \/>\n<strong>11h10 &#8211; Jean-Jacques MENURET<\/strong>, \u00abDroit souple, entre r\u00e9gulation et compliance\u00bb<br \/>\n<strong>11h30 &#8211; Paolo DURET<\/strong>, \u00abSoft law et ADR dans le prisme de la subsidiarit\u00e9 : (ou bien) les liaisons (non) dangereuses\u00bb<br \/>\n<strong>11h50 &#8211; Despina SINOU<\/strong>, \u00abLa soft law et les communs en droit international\u00bb<br \/>\n<strong>12h10 &#8211; Catherine FABREGOULE<\/strong>, \u00ab Le r\u00f4le de la soft law dans la fragmentation du droit international\u00bb<br \/>\n<strong>12h30 \u2013 D\u00e9bat<\/strong><br \/>\n<strong>13h00 &#8211; Pause d\u00e9jeuner<\/strong><\/p>\n<p style=\"text-align: center\">***<br \/>\n<strong>Probl\u00e9matiques sectorielles<br \/>\n(Soft law et justice p\u00e9nale)<\/strong><\/p>\n<p>Pr\u00e9sidence :<strong>\u00a0Paolo DURET<\/strong>, Professeur de Droit administratif \u00e0 l\u2019Universit\u00e9 de V\u00e9rone<br \/>\n<strong>16h00 &#8211; Stefano CATALANO<\/strong>, \u00abDal \u201csoft law\u201d all\u2019\u201chard law\u201d? Il caso dei criteri di priorit\u00e0\u00bb<br \/>\n<strong>16h20 &#8211; Elisa LORENZETTO<\/strong>, \u00abPresunzione di innocenza e comunicazione giudiziaria nel labirinto del soft law\u00bb<br \/>\n<strong>16h40 &#8211; Elisabetta GUIDO<\/strong>, \u00abGli strumenti di soft law nel prisma della tutela delle vittime di reato\u00bb<\/p>\n<p>***<br \/>\n<strong>(Soft law et r\u00e9gulation financi\u00e8re)<\/strong><\/p>\n<p><strong>17h00 &#8211; Matteo ORTINO<\/strong>, \u00abIl soft law nella regolazione dei servizi finanziari\u00bb<br \/>\n<strong>17h20 &#8211; D\u00e9bat<\/strong><\/p>\n<p>&nbsp;<\/p>\n<p><strong>Vendredi 20 mai 2022<\/strong><\/p>\n<p style=\"text-align: center\">***<\/p>\n<p style=\"text-align: center\"><strong>Probl\u00e9matiques sectorielles<br \/>\n(Soft law et droits fondamentaux)<\/strong><\/p>\n<p>Pr\u00e9sidence :\u00a0<strong>Despina SINOU<\/strong>, Ma\u00eetre de Conf\u00e9rences en Droit public \u00e0 l\u2019Universit\u00e9 Sorbonne Paris Nord<br \/>\n<strong>10h00 &#8211; Giovanni GUIGLIA<\/strong>, \u00abLes pr\u00e9ambules dans le syst\u00e8me conventionnel de la Charte sociale europ\u00e9enne :<br \/>\nde la fonction interpr\u00e9tative \u00e0 la fonction int\u00e9grative et \u201ccompensatoire\u201d\u00bb<br \/>\n<strong>10h20 &#8211; Marta GIACOMINI<\/strong>, \u00abLe droit souple au soutien des droits des \u00e9trangers\u00bb<br \/>\n<strong>10h40 &#8211; Daniele VELO DALBRENTA<\/strong>, \u00abSpinte non troppo \u201cgentili\u201d e raccomandazioni inutili: cosa ne \u00e8 del soft law dopo il Covid-19?\u00bb<br \/>\n<strong>11h00 &#8211; Giorgia GUERRA<\/strong>, \u00abQuando il soft law tutela la Salute Unica: spunti dal diritto agroalimentare europeo\u00bb<br \/>\n<strong>11h20 &#8211; D\u00e9bat<br \/>\n12h00 &#8211; Propos conclusifs<br \/>\n13h00 &#8211; D\u00e9jeuner<\/strong><\/p>\n<p><strong>Direction scientifique<\/strong><br \/>\n<strong>Despina SINOU<\/strong>, Ma\u00eetre de conf\u00e9rences \u00e0 l\u2019Universit\u00e9 Sorbonne Paris Nord<br \/>\n<strong>Jean-Jacques MENURET<\/strong>, Ma\u00eetre de conf\u00e9rences \u00e0 l\u2019Universit\u00e9 Sorbonne Paris Nord<\/p>\n<p style=\"text-align: left\">***<br \/>\n<strong>Giovanni GUIGLIA<\/strong>, Professeur \u00e0 l\u2019Universit\u00e9 de V\u00e9rone<br \/>\n<strong>Paolo DURET<\/strong>, Professeur \u00e0 l\u2019Universit\u00e9 de V\u00e9rone<\/p>\n<p>&nbsp;<\/p>\n<p><em>L\u2019iniziativa rientra tra le attivit\u00e0 del team di ricerca \u00abProcessi decisionali e fonti del diritto\u00bb del Progetto di Eccellenza MIUR 2018\/2022 del Dipartimento di Scienze Giuridiche dell\u2019Universit\u00e0 di Verona<\/em><\/p>\n","protected":false},"excerpt":{"rendered":"<p>Universit\u00e0 di Verona, Dipartimento di Scienze Giuridiche Dipartimento di Eccellenza 2018\/2022, Miur Universit\u00e9 Sorbonne Paris Nord UFR, DSPS, Droit, Sciences politiques et sociales IDES, Universit\u00e9 Paris 13 &nbsp; 3e Journ\u00e9e d\u2019\u00e9tudes franco-italiennes \u00abDroit souple et nouvelle(s) normativit\u00e9(s)\u00bb V\u00e9rone, 19 et 20 mai 2022 Sala Jacopo d\u2019Ardizzone Via Carlo Montanari, 9 Jeudi 19 mai 2022 09h30 &hellip; <a href=\"https:\/\/excellenceinlaw.univr.it\/centro-iustec\/3e-journee-detudes-franco-italiennes-droit-souple-et-nouvelles-normativites\/\">Continua<\/a><\/p>\n","protected":false},"author":42,"featured_media":976,"comment_status":"open","ping_status":"open","sticky":false,"template":"","format":"standard","meta":[],"categories":[6],"tags":[],"yoast_head":"<!-- This site is optimized with the Yoast SEO plugin v17.6 - https:\/\/yoast.com\/wordpress\/plugins\/seo\/ -->\n<title>3e Journ\u00e9e d\u2019\u00e9tudes franco-italiennes \u00abDroit souple et nouvelle(s) normativit\u00e9(s)\u00bb - Dipartimento di Scienze Giuridiche Univr<\/title>\n<meta name=\"description\" content=\"Tutte le info su 3e Journ\u00e9e d\u2019\u00e9tudes franco-italiennes \u00abDroit souple et nouvelle(s) normativit\u00e9(s)\u00bb\" \/>\n<meta name=\"robots\" content=\"index, follow, max-snippet:-1, max-image-preview:large, max-video-preview:-1\" \/>\n<link rel=\"canonical\" href=\"https:\/\/excellenceinlaw.univr.it\/centro-iustec\/3e-journee-detudes-franco-italiennes-droit-souple-et-nouvelles-normativites\/\" \/>\n<meta property=\"og:locale\" content=\"it_IT\" \/>\n<meta property=\"og:type\" content=\"article\" \/>\n<meta property=\"og:title\" content=\"3e Journ\u00e9e d\u2019\u00e9tudes franco-italiennes \u00abDroit souple et nouvelle(s) normativit\u00e9(s)\u00bb - Dipartimento di Scienze Giuridiche Univr\" \/>\n<meta property=\"og:description\" content=\"Tutte le info su 3e Journ\u00e9e d\u2019\u00e9tudes franco-italiennes \u00abDroit souple et nouvelle(s) normativit\u00e9(s)\u00bb\" \/>\n<meta property=\"og:url\" content=\"https:\/\/excellenceinlaw.univr.it\/centro-iustec\/3e-journee-detudes-franco-italiennes-droit-souple-et-nouvelles-normativites\/\" \/>\n<meta property=\"og:site_name\" content=\"Centro IUSTec\" \/>\n<meta property=\"article:published_time\" content=\"2022-05-04T09:43:29+00:00\" \/>\n<meta property=\"og:image\" content=\"https:\/\/excellenceinlaw.univr.it\/wp-content\/uploads\/UNIVR-MIUR-LOGO-COLORE-200x200-QUADRATO.png\" \/>\n\t<meta property=\"og:image:width\" content=\"200\" \/>\n\t<meta property=\"og:image:height\" content=\"200\" \/>\n<meta name=\"twitter:card\" content=\"summary_large_image\" \/>\n<meta name=\"twitter:label1\" content=\"Scritto da\" \/>\n\t<meta name=\"twitter:data1\" content=\"davidemantovani\" \/>\n\t<meta name=\"twitter:label2\" content=\"Tempo di lettura stimato\" \/>\n\t<meta name=\"twitter:data2\" content=\"2 minuti\" \/>\n<script type=\"application\/ld+json\" class=\"yoast-schema-graph\">{\"@context\":\"https:\/\/schema.org\",\"@graph\":[{\"@type\":\"WebSite\",\"@id\":\"https:\/\/excellenceinlaw.univr.it\/centro-iustec\/#website\",\"url\":\"https:\/\/excellenceinlaw.univr.it\/centro-iustec\/\",\"name\":\"Centro IUSTec\",\"description\":\"Un nuovo sito targato WordPress\",\"potentialAction\":[{\"@type\":\"SearchAction\",\"target\":{\"@type\":\"EntryPoint\",\"urlTemplate\":\"https:\/\/excellenceinlaw.univr.it\/centro-iustec\/?s={search_term_string}\"},\"query-input\":\"required name=search_term_string\"}],\"inLanguage\":\"it-IT\"},{\"@type\":\"ImageObject\",\"@id\":\"https:\/\/excellenceinlaw.univr.it\/centro-iustec\/3e-journee-detudes-franco-italiennes-droit-souple-et-nouvelles-normativites\/#primaryimage\",\"inLanguage\":\"it-IT\",\"url\":\"https:\/\/excellenceinlaw.univr.it\/wp-content\/uploads\/UNIVR-MIUR-LOGO-COLORE-200x200-QUADRATO.png\",\"contentUrl\":\"https:\/\/excellenceinlaw.univr.it\/wp-content\/uploads\/UNIVR-MIUR-LOGO-COLORE-200x200-QUADRATO.png\",\"width\":200,\"height\":200},{\"@type\":\"WebPage\",\"@id\":\"https:\/\/excellenceinlaw.univr.it\/centro-iustec\/3e-journee-detudes-franco-italiennes-droit-souple-et-nouvelles-normativites\/#webpage\",\"url\":\"https:\/\/excellenceinlaw.univr.it\/centro-iustec\/3e-journee-detudes-franco-italiennes-droit-souple-et-nouvelles-normativites\/\",\"name\":\"3e Journ\\u00e9e d\\u2019\\u00e9tudes franco-italiennes \\u00abDroit souple et nouvelle(s) normativit\\u00e9(s)\\u00bb - Dipartimento di Scienze Giuridiche Univr\",\"isPartOf\":{\"@id\":\"https:\/\/excellenceinlaw.univr.it\/centro-iustec\/#website\"},\"primaryImageOfPage\":{\"@id\":\"https:\/\/excellenceinlaw.univr.it\/centro-iustec\/3e-journee-detudes-franco-italiennes-droit-souple-et-nouvelles-normativites\/#primaryimage\"},\"datePublished\":\"2022-05-04T09:43:29+00:00\",\"dateModified\":\"2022-05-04T09:43:29+00:00\",\"author\":{\"@id\":\"https:\/\/excellenceinlaw.univr.it\/centro-iustec\/#\/schema\/person\/0a02180ddb06cc560c9aa1a8af867a1f\"},\"description\":\"Tutte le info su 3e Journ\\u00e9e d\\u2019\\u00e9tudes franco-italiennes \\u00abDroit souple et nouvelle(s) normativit\\u00e9(s)\\u00bb\",\"breadcrumb\":{\"@id\":\"https:\/\/excellenceinlaw.univr.it\/centro-iustec\/3e-journee-detudes-franco-italiennes-droit-souple-et-nouvelles-normativites\/#breadcrumb\"},\"inLanguage\":\"it-IT\",\"potentialAction\":[{\"@type\":\"ReadAction\",\"target\":[\"https:\/\/excellenceinlaw.univr.it\/centro-iustec\/3e-journee-detudes-franco-italiennes-droit-souple-et-nouvelles-normativites\/\"]}]},{\"@type\":\"BreadcrumbList\",\"@id\":\"https:\/\/excellenceinlaw.univr.it\/centro-iustec\/3e-journee-detudes-franco-italiennes-droit-souple-et-nouvelles-normativites\/#breadcrumb\",\"itemListElement\":[{\"@type\":\"ListItem\",\"position\":1,\"name\":\"Home &gt; IUSTeC\",\"item\":\"https:\/\/excellenceinlaw.univr.it\/centro-iustec\/\"},{\"@type\":\"ListItem\",\"position\":2,\"name\":\"3e Journ\\u00e9e d\\u2019\\u00e9tudes franco-italiennes \\u00abDroit souple et nouvelle(s) normativit\\u00e9(s)\\u00bb\"}]},{\"@type\":\"Person\",\"@id\":\"https:\/\/excellenceinlaw.univr.it\/centro-iustec\/#\/schema\/person\/0a02180ddb06cc560c9aa1a8af867a1f\",\"name\":\"davidemantovani\",\"image\":{\"@type\":\"ImageObject\",\"@id\":\"https:\/\/excellenceinlaw.univr.it\/centro-iustec\/#personlogo\",\"inLanguage\":\"it-IT\",\"url\":\"https:\/\/secure.gravatar.com\/avatar\/f9d31e0df4107341ed300ba92d0651f8?s=96&d=mm&r=g\",\"contentUrl\":\"https:\/\/secure.gravatar.com\/avatar\/f9d31e0df4107341ed300ba92d0651f8?s=96&d=mm&r=g\",\"caption\":\"davidemantovani\"}}]}<\/script>\n<!-- \/ Yoast SEO plugin. -->","yoast_head_json":{"title":"3e Journ\u00e9e d\u2019\u00e9tudes franco-italiennes \u00abDroit souple et nouvelle(s) normativit\u00e9(s)\u00bb - Dipartimento di Scienze Giuridiche Univr","description":"Tutte le info su 3e Journ\u00e9e d\u2019\u00e9tudes franco-italiennes \u00abDroit souple et nouvelle(s) normativit\u00e9(s)\u00bb","robots":{"index":"index","follow":"follow","max-snippet":"max-snippet:-1","max-image-preview":"max-image-preview:large","max-video-preview":"max-video-preview:-1"},"canonical":"https:\/\/excellenceinlaw.univr.it\/centro-iustec\/3e-journee-detudes-franco-italiennes-droit-souple-et-nouvelles-normativites\/","og_locale":"it_IT","og_type":"article","og_title":"3e Journ\u00e9e d\u2019\u00e9tudes franco-italiennes \u00abDroit souple et nouvelle(s) normativit\u00e9(s)\u00bb - Dipartimento di Scienze Giuridiche Univr","og_description":"Tutte le info su 3e Journ\u00e9e d\u2019\u00e9tudes franco-italiennes \u00abDroit souple et nouvelle(s) normativit\u00e9(s)\u00bb","og_url":"https:\/\/excellenceinlaw.univr.it\/centro-iustec\/3e-journee-detudes-franco-italiennes-droit-souple-et-nouvelles-normativites\/","og_site_name":"Centro IUSTec","article_published_time":"2022-05-04T09:43:29+00:00","og_image":[{"width":200,"height":200,"url":"https:\/\/excellenceinlaw.univr.it\/wp-content\/uploads\/UNIVR-MIUR-LOGO-COLORE-200x200-QUADRATO.png","type":"image\/png"}],"twitter_card":"summary_large_image","twitter_misc":{"Scritto da":"davidemantovani","Tempo di lettura stimato":"2 minuti"},"schema":{"@context":"https:\/\/schema.org","@graph":[{"@type":"WebSite","@id":"https:\/\/excellenceinlaw.univr.it\/centro-iustec\/#website","url":"https:\/\/excellenceinlaw.univr.it\/centro-iustec\/","name":"Centro IUSTec","description":"Un nuovo sito targato WordPress","potentialAction":[{"@type":"SearchAction","target":{"@type":"EntryPoint","urlTemplate":"https:\/\/excellenceinlaw.univr.it\/centro-iustec\/?s={search_term_string}"},"query-input":"required name=search_term_string"}],"inLanguage":"it-IT"},{"@type":"ImageObject","@id":"https:\/\/excellenceinlaw.univr.it\/centro-iustec\/3e-journee-detudes-franco-italiennes-droit-souple-et-nouvelles-normativites\/#primaryimage","inLanguage":"it-IT","url":"https:\/\/excellenceinlaw.univr.it\/wp-content\/uploads\/UNIVR-MIUR-LOGO-COLORE-200x200-QUADRATO.png","contentUrl":"https:\/\/excellenceinlaw.univr.it\/wp-content\/uploads\/UNIVR-MIUR-LOGO-COLORE-200x200-QUADRATO.png","width":200,"height":200},{"@type":"WebPage","@id":"https:\/\/excellenceinlaw.univr.it\/centro-iustec\/3e-journee-detudes-franco-italiennes-droit-souple-et-nouvelles-normativites\/#webpage","url":"https:\/\/excellenceinlaw.univr.it\/centro-iustec\/3e-journee-detudes-franco-italiennes-droit-souple-et-nouvelles-normativites\/","name":"3e Journ\u00e9e d\u2019\u00e9tudes franco-italiennes \u00abDroit souple et nouvelle(s) normativit\u00e9(s)\u00bb - Dipartimento di Scienze Giuridiche Univr","isPartOf":{"@id":"https:\/\/excellenceinlaw.univr.it\/centro-iustec\/#website"},"primaryImageOfPage":{"@id":"https:\/\/excellenceinlaw.univr.it\/centro-iustec\/3e-journee-detudes-franco-italiennes-droit-souple-et-nouvelles-normativites\/#primaryimage"},"datePublished":"2022-05-04T09:43:29+00:00","dateModified":"2022-05-04T09:43:29+00:00","author":{"@id":"https:\/\/excellenceinlaw.univr.it\/centro-iustec\/#\/schema\/person\/0a02180ddb06cc560c9aa1a8af867a1f"},"description":"Tutte le info su 3e Journ\u00e9e d\u2019\u00e9tudes franco-italiennes \u00abDroit souple et nouvelle(s) normativit\u00e9(s)\u00bb","breadcrumb":{"@id":"https:\/\/excellenceinlaw.univr.it\/centro-iustec\/3e-journee-detudes-franco-italiennes-droit-souple-et-nouvelles-normativites\/#breadcrumb"},"inLanguage":"it-IT","potentialAction":[{"@type":"ReadAction","target":["https:\/\/excellenceinlaw.univr.it\/centro-iustec\/3e-journee-detudes-franco-italiennes-droit-souple-et-nouvelles-normativites\/"]}]},{"@type":"BreadcrumbList","@id":"https:\/\/excellenceinlaw.univr.it\/centro-iustec\/3e-journee-detudes-franco-italiennes-droit-souple-et-nouvelles-normativites\/#breadcrumb","itemListElement":[{"@type":"ListItem","position":1,"name":"Home &gt; IUSTeC","item":"https:\/\/excellenceinlaw.univr.it\/centro-iustec\/"},{"@type":"ListItem","position":2,"name":"3e Journ\u00e9e d\u2019\u00e9tudes franco-italiennes \u00abDroit souple et nouvelle(s) normativit\u00e9(s)\u00bb"}]},{"@type":"Person","@id":"https:\/\/excellenceinlaw.univr.it\/centro-iustec\/#\/schema\/person\/0a02180ddb06cc560c9aa1a8af867a1f","name":"davidemantovani","image":{"@type":"ImageObject","@id":"https:\/\/excellenceinlaw.univr.it\/centro-iustec\/#personlogo","inLanguage":"it-IT","url":"https:\/\/secure.gravatar.com\/avatar\/f9d31e0df4107341ed300ba92d0651f8?s=96&d=mm&r=g","contentUrl":"https:\/\/secure.gravatar.com\/avatar\/f9d31e0df4107341ed300ba92d0651f8?s=96&d=mm&r=g","caption":"davidemantovani"}}]}},"_links":{"self":[{"href":"https:\/\/excellenceinlaw.univr.it\/centro-iustec\/wp-json\/wp\/v2\/posts\/1493"}],"collection":[{"href":"https:\/\/excellenceinlaw.univr.it\/centro-iustec\/wp-json\/wp\/v2\/posts"}],"about":[{"href":"https:\/\/excellenceinlaw.univr.it\/centro-iustec\/wp-json\/wp\/v2\/types\/post"}],"author":[{"embeddable":true,"href":"https:\/\/excellenceinlaw.univr.it\/centro-iustec\/wp-json\/wp\/v2\/users\/42"}],"replies":[{"embeddable":true,"href":"https:\/\/excellenceinlaw.univr.it\/centro-iustec\/wp-json\/wp\/v2\/comments?post=1493"}],"version-history":[{"count":1,"href":"https:\/\/excellenceinlaw.univr.it\/centro-iustec\/wp-json\/wp\/v2\/posts\/1493\/revisions"}],"predecessor-version":[{"id":1497,"href":"https:\/\/excellenceinlaw.univr.it\/centro-iustec\/wp-json\/wp\/v2\/posts\/1493\/revisions\/1497"}],"wp:featuredmedia":[{"embeddable":true,"href":"https:\/\/excellenceinlaw.univr.it\/centro-iustec\/wp-json\/wp\/v2\/media\/976"}],"wp:attachment":[{"href":"https:\/\/excellenceinlaw.univr.it\/centro-iustec\/wp-json\/wp\/v2\/media?parent=1493"}],"wp:term":[{"taxonomy":"category","embeddable":true,"href":"https:\/\/excellenceinlaw.univr.it\/centro-iustec\/wp-json\/wp\/v2\/categories?post=1493"},{"taxonomy":"post_tag","embeddable":true,"href":"https:\/\/excellenceinlaw.univr.it\/centro-iustec\/wp-json\/wp\/v2\/tags?post=1493"}],"curies":[{"name":"wp","href":"https:\/\/api.w.org\/{rel}","templated":true}]}}